[{"@context":"https:\/\/schema.org\/","@type":"Article","@id":"https:\/\/www.gsma.cz\/manzel-s-rakovinou\/#Article","mainEntityOfPage":"https:\/\/www.gsma.cz\/manzel-s-rakovinou\/","headline":"Man\u017eel s rakovinou","name":"Man\u017eel s rakovinou","description":"Sna\u017eil jsem se, ale nezvl\u00e1dl jsem to. Jsem Adam a je mi 36 let a toto je m\u016fj p\u0159\u00edb\u011bh. Kdy\u017e mi bylo 25 let, tak jsem musel odjet do It\u00e1lie kv\u016fli slu\u017eebn\u00ed cest\u011b. Ten den si pamatuji do posledn\u00edho detailu. Kdy\u017e jsem kone\u010dn\u011b dorazil na sch\u016fzi, tak jsem prosed\u011bl \u010dty\u0159i hodiny sv\u00e9ho \u010dasu a t\u00fdden [&hellip;]","datePublished":"2023-02-19","dateModified":"2023-04-25","author":{"@type":"Person","@id":"https:\/\/www.gsma.cz\/author\/#Person","name":"","url":"https:\/\/www.gsma.cz\/author\/","identifier":1,"image":{"@type":"ImageObject","@id":"https:\/\/secure.gravatar.com\/avatar\/2d2764a424a89ac38785df784051989f5c5cb264a2405c7e5d24c1907a83f0fb?s=96&d=mm&r=g","url":"https:\/\/secure.gravatar.com\/avatar\/2d2764a424a89ac38785df784051989f5c5cb264a2405c7e5d24c1907a83f0fb?s=96&d=mm&r=g","height":96,"width":96}},"publisher":{"@type":"Organization","name":"gsma.cz","logo":{"@type":"ImageObject","@id":"\/logo.png","url":"\/logo.png","width":600,"height":60}},"image":{"@type":"ImageObject","@id":"https:\/\/www.gsma.cz\/wp-content\/uploads\/family-7551390_640_10_5.jpg","url":"https:\/\/www.gsma.cz\/wp-content\/uploads\/family-7551390_640_10_5.jpg","height":0,"width":0},"url":"https:\/\/www.gsma.cz\/manzel-s-rakovinou\/","about":["Mu\u017ei"],"wordCount":633,"articleBody":"Sna\u017eil jsem se, ale nezvl\u00e1dl jsem to. Jsem Adam a je mi 36 let a toto je m\u016fj p\u0159\u00edb\u011bh. Kdy\u017e mi bylo 25 let, tak jsem musel odjet do It\u00e1lie kv\u016fli slu\u017eebn\u00ed cest\u011b. Ten den si pamatuji do posledn\u00edho detailu. Kdy\u017e jsem kone\u010dn\u011b dorazil na sch\u016fzi, tak jsem prosed\u011bl \u010dty\u0159i hodiny sv\u00e9ho \u010dasu a t\u00fdden jsem \u010dekal, ne\u017e se mi ozvou. Mezit\u00edm co jsem \u010dekal, tak jsem si proch\u00e1zel It\u00e1lii a mus\u00edm \u0159\u00edct, \u017ee to tam bylo velice p\u0159ekr\u00e1sn\u00e9, ale c\u00edtil jsem se s\u00e1m. Sed\u011bl jsem na jedn\u00e9 zahr\u00e1dce, kde m\u011bli ty nejlep\u0161\u00ed burgery. A v\u00a0ten moment jsem v\u011bd\u011bl, \u017ee je ta prav\u00e1. Pt\u00e1te se kdo? Ona. Nev\u00edm, jak se jmenuje, ale pamatuji si ka\u017ed\u00fd jej\u00ed detail na obli\u010deji nebo na vlasech. Znam\u00e9nko pod okem, b\u00edl\u00e1 kopretinov\u00e1 sponka ve vlasech, \u0159et\u00edzek na krku ve znamen\u00ed ryb. Pamatuji si v\u0161echno, ale hlavn\u011b jej\u00ed sm\u00edch. Ub\u011bhl t\u00fdden a kone\u010dn\u011b zazvonil mobil, \u017ee m\u011b pov\u00fd\u0161ili a jsem nejvy\u0161\u0161\u00ed \u0159editel velk\u00e9 reklamn\u00ed agentury, kter\u00e1 spolupracuje s\u00a0mili\u00f3ny m\u011bst. Jeliko\u017e m\u011b pov\u00fd\u0161ili, tak o to d\u00e9le budu v\u00a0It\u00e1lii. No, sp\u00ed\u0161e bydlet.\u00a0A ten den byl fakt \u0161\u0165astn\u00fd, proto\u017ee jsem potkal tu pravou. Byla to ta \u017eena, kter\u00e1 si tak\u00e9 d\u00e1vala ty nejlep\u0161\u00ed burgery v\u00a0It\u00e1lii. Narazili jsme do sebe u ka\u0161ny. A dv\u011b minuty p\u0159ed t\u00edm jsem h\u00e1zel desetikorunu do ka\u0161ny a p\u0159\u00e1l si a\u0165 potk\u00e1m tu pravou. A byla to ona, ale co si p\u0159\u00e1la ona? A jeliko\u017e jsem na n\u00ed narazil, tak jsem se dozv\u011bd\u011bla, jak se jmenuje. Jmenuje se Annie, tak kr\u00e1sn\u00e9 jm\u00e9no. Hned jsem se zamiloval. Ano, chlap se jako prvn\u00ed zamiloval do \u017eeny, kter\u00e1 vypadala jako and\u011bl. Jeliko\u017e jsem v\u00a0It\u00e1lii i n\u011bjakou dobu, tak domluva s\u00a0Annie byla skv\u011bl\u00e1. Mluv\u00ed kr\u00e1sn\u011b Italsky, ale m\u00e1m se co u\u010dit. O p\u016fl roku pozd\u011bji Jsme zamilovan\u00ed oba a bydl\u00edme spolu. Dokonce u\u017e je na cest\u011b na\u0161e mal\u00e1 princezna, kter\u00e1 se bude jmenovat Jessie. Dokonce si bereme hypot\u00e9ku a koup\u00edme si velk\u00fd kr\u00e1sn\u00fd d\u016fm se zahradou a k\u00a0tomu kr\u00e1sn\u00e9ho zlat\u00e9ho retr\u00edvra. O dva t\u00fddny pozd\u011bjiNarodila se n\u00e1m p\u0159ekr\u00e1sn\u00e1 hol\u010di\u010dka a m\u011bla kr\u00e1sn\u00e9 znam\u00e9nko pod okem jako maminka, ale o\u010di m\u011bla po mn\u011b. Ten den se mi narodila hol\u010di\u010dka, ale taky jsem ten den zjistil, \u017ee m\u00e1m rakovinu. Boj o \u017eivot a z\u00e1chranu m\u00e9 rodiny. Za\u010dal jsem chodit na chemoterapie, vy\u0161et\u0159en\u00ed a sna\u017eili jsme se rakovinu odstranit. Poda\u0159ilo se, tak jsem chodil aspo\u0148 ka\u017ed\u00fd m\u011bs\u00edc na kontroly, zda je v\u0161echno v\u00a0po\u0159\u00e1dku a nen\u00ed. A je. Jsme \u0161\u0165astn\u00fd a \u017eijeme spolu v\u0161ichni po hromad\u011b. O rok pozd\u011bji Ahoj, jsem Annie. Adamova man\u017eelka a m\u00e1ma Jessie. Kdy\u017e jsem objevila tento p\u0159\u00edb\u011bh, co psal Adam, tak jsem m\u011bla slzy v\u00a0o\u010d\u00edch a c\u00edtila jsem z\u00e1rove\u0148 smutek. Adam u\u017e nen\u00ed mezi n\u00e1mi, proto\u017ee ne\u017e to stihl vydat, tak se mu rakovina vr\u00e1tila zp\u00e1tky a te\u010f to byla velk\u00e1 mrcha. A pro\u010d dopisuji jeho p\u0159\u00edb\u011bh? Chci, abyste v\u011bd\u011bli, \u017ee \u017eivot nen\u00ed jenom r\u016f\u017eov\u00fd a nen\u00ed podle filmu. J\u00e1 a Jessie jsme zdrav\u00fd, ale Adam m\u016fj man\u017eel a otec Jessie n\u00e1m neskute\u010dn\u011b moc chyb\u00ed. S\u00a0l\u00e1skou, Annie.                                                                                                                                                                                                                                                                                                                                                                                         4.7\/5 - (3 votes)        "},{"@context":"https:\/\/schema.org\/","@type":"BreadcrumbList","itemListElement":[{"@type":"ListItem","position":1,"name":"Man\u017eel s rakovinou","item":"https:\/\/www.gsma.cz\/manzel-s-rakovinou\/#breadcrumbitem"}]}]