[{"@context":"https:\/\/schema.org\/","@type":"Article","@id":"https:\/\/www.gsma.cz\/poverte-uklidovou-firmu-pravidelnym-uklidem-kancelari\/#Article","mainEntityOfPage":"https:\/\/www.gsma.cz\/poverte-uklidovou-firmu-pravidelnym-uklidem-kancelari\/","headline":"Pov\u011b\u0159te \u00faklidovou firmu pravideln\u00fdm \u00faklidem kancel\u00e1\u0159\u00ed","name":"Pov\u011b\u0159te \u00faklidovou firmu pravideln\u00fdm \u00faklidem kancel\u00e1\u0159\u00ed","description":"Zakl\u00e1d\u00e1te kancel\u00e1\u0159skou firmu, nap\u0159\u00edklad se zab\u00fdv\u00e1te projek\u010dn\u00ed \u010dinnost\u00ed, bytov\u00fdm designem nebo IT slu\u017ebami, a u\u017e m\u00e1te vyhl\u00eddnut\u00e9 vhodn\u00e9 prostory pro va\u0161e zam\u011bstnance? Pak bychom v\u00e1m r\u00e1di p\u0159ipomn\u011bli, \u017ee by bylo vhodn\u00e9 ji\u017e od prvopo\u010d\u00e1tku za\u010d\u00edt prom\u00fd\u0161let i strategii \u00faklidu tamn\u00edch prostor. Jakmile se toti\u017e provoz rozjede, na \u00faklid m\u016f\u017eete zapomenout a pak zjist\u00edte pom\u011brn\u011b pozd\u011b, [&hellip;]","datePublished":"2024-06-23","dateModified":"2024-06-23","author":{"@type":"Person","@id":"https:\/\/www.gsma.cz\/author\/#Person","name":"","url":"https:\/\/www.gsma.cz\/author\/","identifier":1,"image":{"@type":"ImageObject","@id":"https:\/\/secure.gravatar.com\/avatar\/2d2764a424a89ac38785df784051989f5c5cb264a2405c7e5d24c1907a83f0fb?s=96&d=mm&r=g","url":"https:\/\/secure.gravatar.com\/avatar\/2d2764a424a89ac38785df784051989f5c5cb264a2405c7e5d24c1907a83f0fb?s=96&d=mm&r=g","height":96,"width":96}},"publisher":{"@type":"Organization","name":"gsma.cz","logo":{"@type":"ImageObject","@id":"\/logo.png","url":"\/logo.png","width":600,"height":60}},"image":{"@type":"ImageObject","@id":"https:\/\/www.gsma.cz\/wp-content\/uploads\/clean-1346682_640_2.jpg","url":"https:\/\/www.gsma.cz\/wp-content\/uploads\/clean-1346682_640_2.jpg","height":0,"width":0},"url":"https:\/\/www.gsma.cz\/poverte-uklidovou-firmu-pravidelnym-uklidem-kancelari\/","about":["Podnik\u00e1n\u00ed"],"wordCount":413,"articleBody":"   Zakl\u00e1d\u00e1te kancel\u00e1\u0159skou firmu, nap\u0159\u00edklad se zab\u00fdv\u00e1te projek\u010dn\u00ed \u010dinnost\u00ed, bytov\u00fdm designem nebo IT slu\u017ebami, a u\u017e m\u00e1te vyhl\u00eddnut\u00e9 vhodn\u00e9 prostory pro va\u0161e zam\u011bstnance? Pak bychom v\u00e1m r\u00e1di p\u0159ipomn\u011bli, \u017ee by bylo vhodn\u00e9 ji\u017e od prvopo\u010d\u00e1tku za\u010d\u00edt prom\u00fd\u0161let i strategii \u00faklidu tamn\u00edch prostor. Jakmile se toti\u017e provoz rozjede, na \u00faklid m\u016f\u017eete zapomenout a pak zjist\u00edte pom\u011brn\u011b pozd\u011b, \u017ee je va\u0161e pracovn\u00ed prost\u0159ed\u00ed jaksi natolik zne\u010di\u0161t\u011bn\u00e9, \u017ee nep\u016fsob\u00ed dob\u0159e na va\u0161e partnery, z\u00e1kazn\u00edky a kohokoli jin\u00e9ho, kdo v\u00e1s tu nav\u0161t\u00edv\u00ed.O co se \u00faklidov\u00e1 firma postar\u00e1, a pro\u010d j\u00ed sv\u011b\u0159it \u00faklid ji\u017e od prvn\u00edho dne?B\u011b\u017en\u00fd ka\u017edodenn\u00ed \u00faklid \u2013 v r\u00e1mci b\u011b\u017en\u00e9ho \u00faklidu se profesion\u00e1lov\u00e9 zab\u00fdvaj\u00ed t\u00edm ka\u017edodenn\u00edm, typick\u00fdm zne\u010di\u0161t\u011bn\u00edm, kter\u00e9 souvis\u00ed s provozem kancel\u00e1\u0159\u00ed, tedy se za\u0161pin\u011bn\u00fdmi stoly od k\u00e1vy a sva\u010diny, zap\u00e1chaj\u00edc\u00edmi a zne\u010di\u0161t\u011bn\u00fdmi toaletami, \u0161pinavou podlahou atp. Nejde o \u017e\u00e1dn\u00e9 gruntov\u00e1n\u00ed, ale o zaji\u0161t\u011bn\u00ed \u010distoty pracovn\u00edho prost\u0159ed\u00ed.\u010ci\u0161t\u011bn\u00ed koberc\u016f a myt\u00ed oken \u2013 toto se neprov\u00e1d\u00ed denn\u011b, ale pouze na z\u00e1klad\u011b dohody, nap\u0159\u00edklad ve ve\u010dern\u00edch hodin\u00e1ch nebo o v\u00edkendech, aby to nenaru\u0161ilo chod firmy. I koberce a okna jsou va\u0161\u00ed vizitkou a nezapome\u0148te, \u017ee lid\u00e9 jsou v\u0161\u00edmav\u00ed, a pokud va\u0161i host\u00e9 zjist\u00ed, \u017ee je u v\u00e1s \u010distota a po\u0159\u00e1dek b\u011b\u017enou sou\u010d\u00e1st\u00ed zaji\u0161t\u011bn\u00ed pot\u0159ebn\u00e9 kultury pracovn\u00edho prost\u0159ed\u00ed, pak k v\u00e1m tak\u00e9 z\u00edskaj\u00ed lep\u0161\u00ed vztah. A pozn\u00e1mka na okraj \u2013 do kancel\u00e1\u0159\u00ed doporu\u010dujeme v\u00fdhradn\u011b z\u00e1t\u011b\u017eov\u00e9 koberce, kter\u00e9 snesou i mimo\u0159\u00e1dn\u00e9 provozn\u00ed zat\u00ed\u017een\u00ed v obuvi.Ve\u010d\u00edrky a rauty \u2013 \u00faklidov\u00e1 firma se postar\u00e1 i o mimo\u0159\u00e1dn\u00e9 \u00faklidov\u00e9 pr\u00e1ce po r\u016fzn\u00fdch oslav\u00e1ch, ve\u010d\u00edrc\u00edch, rautech, prezentac\u00edch a \u0161kolen\u00edch, kdy va\u0161i host\u00e9 za\u0161pin\u00ed mnoho kuchy\u0148sk\u00e9ho n\u00e1dob\u00ed, zanechaj\u00ed po sob\u011b nepo\u0159\u00e1dek v podob\u011b nedojeden\u00fdch potravin a ne\u010distot na stolech, \u017eidl\u00edch a na podlah\u00e1ch. I takov\u00e9to situace je nutn\u00e9 podchytit, co se t\u00fd\u010de \u00faklidu, aby mohla firma pokra\u010dovat d\u00e1l ve sv\u00fdch zab\u011bhnut\u00fdch zvyklostech.                                                                                                                                                                                                                                                                                                                                                                                          4.7\/5 - (3 votes)        "},{"@context":"https:\/\/schema.org\/","@type":"BreadcrumbList","itemListElement":[{"@type":"ListItem","position":1,"name":"Pov\u011b\u0159te \u00faklidovou firmu pravideln\u00fdm \u00faklidem kancel\u00e1\u0159\u00ed","item":"https:\/\/www.gsma.cz\/poverte-uklidovou-firmu-pravidelnym-uklidem-kancelari\/#breadcrumbitem"}]}]